{"id":107718,"date":"2026-09-01T22:49:50","date_gmt":"2026-09-01T19:49:50","guid":{"rendered":"https:\/\/sanattasarimgazetesi.com\/?p=107718"},"modified":"2026-09-01T22:49:53","modified_gmt":"2026-09-01T19:49:53","slug":"d-grubu-ressamlarini-anlamak","status":"publish","type":"post","link":"https:\/\/sanattasarimgazetesi.com\/?p=107718","title":{"rendered":"D Grubu Ressamlar\u0131n\u0131 Anlamak&#8230;"},"content":{"rendered":"\n<p class=\"wp-block-paragraph\"><strong>Prof. Dr. \u00dcmit Gezgin <\/strong><\/p>\n\n\n\n<p class=\"wp-block-paragraph\">Sanat gruplar\u0131n\u0131n biraz zorunluluktan do\u011fdu\u011funu d\u00fc\u015f\u00fcn\u00fcyorum.. bir anlamda birlikten g\u00fc\u00e7 do\u011far felsefesi.. \u00f6zellikle sanat\u0131n pek geli\u015fmedi\u011fi d\u00f6nemlerde ortak hareket ederek sanat\u0131 yaymak ve ayn\u0131 zamanda tan\u0131nmak da bunun i\u00e7inde&#8230; <\/p>\n\n\n\n<figure class=\"wp-block-image\"><img decoding=\"async\" src=\"https:\/\/external-content.duckduckgo.com\/iu\/?u=https%3A%2F%2Fi.milliyet.com.tr%2FMilliyetSanat640x412%2F2013%2F11%2F29%2Ffft243_mf1249090.Jpeg&amp;f=1&amp;nofb=1&amp;ipt=f3e3a5704c50d82f119b0cbb8f8ceb4f1cbfbde2be0334a701f536bc1dd3aa8a\" alt=\"D Grubu | Milliyet Sanat\"\/><\/figure>\n\n\n\n<p class=\"wp-block-paragraph\">D Grubu ressamlar\u0131 i\u00e7in de b\u00f6yle bir \u015fey s\u00f6z konusu.. 1933 y\u0131l\u0131nda kuruluyor D Grubu.. <strong>Zeki Faik \u0130zer, Nurullah Berk, Elif Naci, Cemal Tollu, Abidin Dino<\/strong> ve bir de heykeltra\u015f olarak <strong>Z\u00fcht\u00fc M\u00fcrido\u011flu <\/strong>bir araya gelerek d\u00f6rd\u00fcnc\u00fc ak\u0131m oldu\u011fu i\u00e7in D harfiyle nitelenen bu grubu kuruyorlar&#8230; <\/p>\n\n\n\n<figure class=\"wp-block-image\"><img decoding=\"async\" src=\"https:\/\/external-content.duckduckgo.com\/iu\/?u=https%3A%2F%2Fwww.dersimiz.com%2Fresimler%2Fb%2Fd-grubu.jpg&amp;f=1&amp;nofb=1&amp;ipt=973b2e5809e546e9f71b1918829f4e46cbb08c2a4bd0f95db90b609cf25b8809\" alt=\"D Grubu Ressamlar\u0131 ile ilgili bilgi hakk\u0131nda k\u0131saca yaz\u0131\"\/><\/figure>\n\n\n\n<p class=\"wp-block-paragraph\">Elbet ama\u00e7 ba\u015fta birlikte hareket etmek.. sonras\u0131nda zaten hepsi da\u011f\u0131l\u0131yor ve kendi ba\u015f\u0131na hareket ederek sanatsal kariyerlerini ve m\u00fccadelelerini de olu\u015fturuyorlar&#8230; <\/p>\n\n\n\n<figure class=\"wp-block-image\"><img decoding=\"async\" src=\"https:\/\/external-content.duckduckgo.com\/iu\/?u=https%3A%2F%2Ftse1.mm.bing.net%2Fth%2Fid%2FOIP.ElbOrHwErjCHa1kHP7hPNgHaFu%3Fpid%3DApi&amp;f=1&amp;ipt=730771766f52e38f55dfcece8cd8efe12cb0d76ce9458313f0233ea9293c0732\" alt=\"d Grubu \/ 1933-1951 - Yap\u0131 Kredi K\u00fclt\u00fcr Sanat Yay\u0131nc\u0131l\u0131k\"\/><\/figure>\n\n\n\n<p class=\"wp-block-paragraph\">Bu sanat\u00e7\u0131lar\u0131n her birini ayr\u0131 bir mesle\u011fi ve stili de var.. <strong>Zeki Faik \u0130zer<\/strong> mesela hem ressam hem \u00f6\u011fretmen.. hem de Akademi&#8217;de y\u00f6neticilikler yapm\u0131\u015f biri.. ayr\u0131ca <strong>Nurullah Berk<\/strong> de K\u00fcbizmin T\u00fcrkiye&#8217;deki \u00f6nc\u00fc temsilcilerinden biri.. bu hareket i\u00e7inde tek ger\u00e7ek anlamda k\u00fcbist de san\u0131yorum o.. ayn\u0131 zamanda yazarl\u0131\u011f\u0131yla da di\u011fer ressamlardan ayr\u0131l\u0131yor.. bir de <strong>Elif Naci&#8217;<\/strong>nin de gazetecili\u011fi var&#8230; <\/p>\n\n\n\n<figure class=\"wp-block-image is-resized\"><img decoding=\"async\" src=\"https:\/\/upload.wikimedia.org\/wikipedia\/commons\/thumb\/f\/f2\/Barbaros_Park_Statue.jpg\/250px-Barbaros_Park_Statue.jpg?utm_source=tr.wikipedia.org&amp;utm_campaign=parser&amp;utm_content=thumbnail\" alt=\"\" style=\"aspect-ratio:0.6666666666666666;width:230px;height:auto\"\/><\/figure>\n\n\n\n<p class=\"wp-block-paragraph\"><strong>Cemal Tollu<\/strong>&#8216;ya da k\u00fcbist diyebiliriz.. Nurullah Berk kadar pop\u00fcler ve iddial\u0131 da de\u011fil resim konusunda.. ama resimlerindeki estetik \u00f6zg\u00fcnl\u00fck s\u00f6z konusu oldu\u011funda ba\u015faral\u0131 denilebilir.. aralar\u0131nda<strong> Abidin Dino<\/strong> karikat\u00fcr a\u011f\u0131rl\u0131kl\u0131, d\u00fc\u015f\u00fcnce sanat\u0131 \u00fcretti.. yaz\u0131lar da yazd\u0131 ve \u00e7izgi a\u011f\u0131rl\u0131kl\u0131  bir dil \u00fcretti&#8230;<strong> Z\u00fcht\u00fc M\u00fcrido\u011flu<\/strong>&#8216;nun heykel ba\u015far\u0131s\u0131 i\u00e7in Be\u015fikta\u015f&#8217;taki<strong> Barbaros Heykeli <\/strong>denilebilir.. sadece o heykel bile onun ba\u015far\u0131 hanesine \u00fcst d\u00fczeyde yaz\u0131lacakt\u0131r.. o heykel \u00e7ok ba\u015far\u0131l\u0131 ve kal\u0131c\u0131 bir heykel toplulu\u011fudur&#8230; <\/p>\n\n\n\n<figure class=\"wp-block-image\"><img decoding=\"async\" src=\"https:\/\/external-content.duckduckgo.com\/iu\/?u=https%3A%2F%2Fcdn.bilgibaba.com%2Fresimler%2Fd-grubu-ressamlari-1649517573.jpg&amp;f=1&amp;nofb=1&amp;ipt=dc53c3354f41cc0d38ffd87e19cb99fbd131152c7b524f376f3a9347332b0e3f\" alt=\"D Grubu Ressamlar\u0131 Kimlerden Olu\u015fur? Toplulu\u011fun Da\u011f\u0131lmas\u0131 Nas\u0131l Olmu\u015ftur?\"\/><\/figure>\n\n\n\n<p class=\"wp-block-paragraph\">D Grubu d\u00f6rd\u00fcnc\u00fc heykel toplulu\u011fuydu.. <strong>Osmanl\u0131 Ressamlar Cemiyeti, G\u00fczel Sanatlar Birli\u011fi ve M\u00fcstakil Ressamlar ve Heykelt\u0131ra\u015flar Birli\u011fi <\/strong>olarak \u00fc\u00e7 tane grup.. bunlar\u0131n her birinin de kendine g\u00f6re bir felsefesi var, temsilcileri var&#8230;  <\/p>\n\n\n\n<figure class=\"wp-block-image\"><img decoding=\"async\" src=\"https:\/\/external-content.duckduckgo.com\/iu\/?u=https%3A%2F%2Fwww.bilgiustam.com%2Fresimler%2F2019%2F02%2F14824_nurullah-berk-surlar-1975.jpg&amp;f=1&amp;nofb=1&amp;ipt=cad6b79dc7fc6e831ea7f03fb3900a08806052340e6055f586810bb63e3bad89\" alt=\"D Grubu Ressamlar\u0131 \u00bb Bilgiustam\"\/><\/figure>\n\n\n\n<p class=\"wp-block-paragraph\">1933 y\u0131l\u0131nda yine ilk sergisini de me\u015fhur <strong>Narmanl\u0131 Yurdu&#8217;<\/strong>nda bulunan Mimoza isimli \u015fapka d\u00fckkan\u0131nda a\u00e7\u0131yorlar&#8230; Sanat felsefelerine gelecek olursak.. en temel noktalar\u0131 empresyonist kimli\u011fi reddetmek.. yani izlenimci olmak istemediklerini, dile getiriyorlar.. onlar i\u00e7in birinci mesele yeni ak\u0131m ve y\u00f6nelimlere yelken a\u00e7mak.. onlardan biri de k\u00fcbizm.. ayr\u0131ca konstr\u00fcktivist e\u011filimler de var.. <strong>Nurullah Berk<\/strong> k\u00fcbizme y\u00f6nelirken, <strong>Cemal Tollu <\/strong>da konstr\u00fcktivist y\u00f6ne do\u011fru, yani in\u015faac\u0131 bir gelene\u011fe yaslan\u0131yor&#8230; <\/p>\n\n\n\n<figure class=\"wp-block-image\"><img decoding=\"async\" src=\"https:\/\/external-content.duckduckgo.com\/iu\/?u=https%3A%2F%2Fwww.bilgiustam.com%2Fresimler%2F2019%2F02%2F14824_nurullah-berk-comlekci-1967-300x415.jpg&amp;f=1&amp;nofb=1&amp;ipt=fd31f72c59e91b932e9f0e6d4a77262adbe0ece615054c127c0bfff36d89017e\" alt=\"D Grubu Ressamlar\u0131 \u00bb Bilgiustam\"\/><\/figure>\n\n\n\n<p class=\"wp-block-paragraph\">Temel olarak bu grup \u00fcyeleri de Avrupa sanat\u0131n\u0131 T\u00fcrk sanat\u0131na ta\u015f\u0131mak, yenilik olarak da bu e\u011filimlere y\u00f6nelmek geliyordu.. yoksa gelene\u011fe y\u00f6nelik bir ilgi s\u00f6z konusu de\u011fildi bu grup i\u00e7in de&#8230; <\/p>\n\n\n\n<figure class=\"wp-block-image\"><img decoding=\"async\" src=\"https:\/\/external-content.duckduckgo.com\/iu\/?u=http%3A%2F%2Fwww.poetikhars.com%2Fwikihars%2Flib%2Fexe%2Ffetch.php%2Fakimlar%2Fscan0003.jpg%3Fw%3D200%26h%3D353%26tok%3Dad8c7b&amp;f=1&amp;nofb=1&amp;ipt=0cb03e2304e57fe54a97fee87a6fd8291c15ab52f5a925029c7d641471699abc\" alt=\"d Grubu [s\u00f6zl\u00fcks]\"\/><\/figure>\n\n\n\n<p class=\"wp-block-paragraph\">Temel felsefeleri belki empresyonizme kar\u015f\u0131 \u00e7\u0131k\u0131\u015f.. empresyonizmden ne anl\u0131yorlard\u0131 o da ayr\u0131 bir mesele.. herhalde daha \u00e7ok manzara gelene\u011fine eklemlenmek.. manzara denildi\u011finde de kar\u015f\u0131m\u0131za \u0130stanbul resimleri geliyor, ba\u015fka bir \u015fey de\u011fil&#8230; <\/p>\n\n\n\n<figure class=\"wp-block-image\"><img decoding=\"async\" src=\"https:\/\/external-content.duckduckgo.com\/iu\/?u=https%3A%2F%2Fcdn.bilgibaba.com%2Fresimler%2Felif-naci-1649517365.jpg&amp;f=1&amp;nofb=1&amp;ipt=ff2d9124d55ce573a3ce96624be00defd86b2b19ec00c1eafb9745d158e59a1b\" alt=\"D Grubu Ressamlar\u0131 Kimlerden Olu\u015fur? Toplulu\u011fun Da\u011f\u0131lmas\u0131 Nas\u0131l Olmu\u015ftur?\"\/><\/figure>\n\n\n\n<p class=\"wp-block-paragraph\">Sa\u011flam desen ve analiz devreye giriyordu izlenimci ekole kar\u015f\u0131 \u00e7\u0131kma felsefesi neticesinde.. e\u015fyan\u0131n geometrik yap\u0131s\u0131 analiz ediliyor ve sa\u011flam bir desenle de ortaya konuluyordu.. oysa izlenimcilikte ki\u015fisel izlenim ve yorum \u00f6nemliydi ve burada gelenekle de ba\u011flant\u0131 kurulabiliyordu.. bu denemeyi, yani gelenekle k\u00fcbist yakla\u015f\u0131mla ba\u011flant\u0131lar da kurulmaya \u00e7al\u0131\u015f\u0131ld\u0131.. \u00f6rnek de <strong>Nurullah Berk <\/strong>resimleridir.. k\u00f6y unsurlar\u0131 ve k\u00f6yl\u00fc tipler k\u00fcbist anlat\u0131mla ortaya konulmu\u015ftur&#8230; <\/p>\n\n\n\n<figure class=\"wp-block-image\"><img decoding=\"async\" src=\"https:\/\/external-content.duckduckgo.com\/iu\/?u=http%3A%2F%2Fwww.milliyetsanat.com%2Fallimages%2Fnews%2F041020120906494462228_3.jpg&amp;f=1&amp;nofb=1&amp;ipt=9709e303c0bb06023125c70a76bc1a8ed8a094d0ca2b69801ee3bd599290d2fd\" alt=\"D Grubu | Milliyet Sanat\"\/><\/figure>\n\n\n\n<p class=\"wp-block-paragraph\">Tabi sadece bi\u00e7imsel bir yakla\u015f\u0131mlar\u0131 yoktu<strong> D Grubu<\/strong> \u00fcyelerinin, ayn\u0131 zamanda d\u00fc\u015f\u00fcnsel arka planda da T\u00fcrk k\u00fclt\u00fcr\u00fcn\u00fc \u00f6nemseme yat\u0131yordu.. bunu, ancak gelene\u011fe y\u00f6nelerek yapabileceklerini, d\u00fc\u015f\u00fcn\u00fcyorlard\u0131 da.. bu plastik sanatlarda nas\u0131l olacakt\u0131&#8230; <\/p>\n\n\n\n<figure class=\"wp-block-image\"><img decoding=\"async\" src=\"https:\/\/external-content.duckduckgo.com\/iu\/?u=https%3A%2F%2Ftse2.explicit.bing.net%2Fth%2Fid%2FOIP.PBYXgTPalQZpq6BpMBDZeAHaE1%3Fr%3D0%26pid%3DApi&amp;f=1&amp;ipt=f6b030be16bac9cada178dd1c2f9fbbca29d900276e0e7d0fb28f601d3848861\" alt=\"d Grubu \/ 1933-1951 - Yap\u0131 Kredi K\u00fclt\u00fcr Sanat Yay\u0131nc\u0131l\u0131k\"\/><\/figure>\n\n\n\n<p class=\"wp-block-paragraph\">Anadolu k\u00fclt\u00fcr\u00fcne y\u00f6nelen sanat\u00e7\u0131lar da oldu.. bunlar\u0131n \u00f6nde gelenleri <strong>Bedri Rahmi Ey\u00fcbo\u011flu ve Turgut Zaim.<\/strong>. Anadolu k\u00fclt\u00fcr\u00fc, yerellik de \u00f6nemli hale gelmeye ba\u015flad\u0131 ve Bat\u0131 tekni\u011fiyle bunlar\u0131 ifade etme imkanlar\u0131 do\u011fmaya ba\u015flad\u0131&#8230; <\/p>\n\n\n\n<figure class=\"wp-block-image\"><img decoding=\"async\" src=\"https:\/\/external-content.duckduckgo.com\/iu\/?u=https%3A%2F%2Ftse1.mm.bing.net%2Fth%2Fid%2FOIP.NHSKpr4GGLejjuKYY982qQAAAA%3Fr%3D0%26pid%3DApi&amp;f=1&amp;ipt=a2e1c1743010e663052502eb68c9f2568b7d1bbfac67a16aeeb35e8f608fce58\" alt=\"Ressam Elif Naci Hayat\u0131 Resim Sanat\u0131 - Edebiyat Sanat Akademisi\"\/><\/figure>\n\n\n\n<p class=\"wp-block-paragraph\">Yerellik evrensellik tart\u0131\u015fmalar\u0131<strong> D Grubu <\/strong>sanat\u00e7\u0131lar\u0131 i\u00e7in de \u00f6nemliydi ve bu y\u00fczden de bu gerilim ve tart\u0131\u015fma durumlar\u0131, zaman i\u00e7inde D Grubu&#8217;nun da da\u011f\u0131lmas\u0131na sebep oldu.. herkes kendi yoluna do\u011fru gitti&#8230; <\/p>\n\n\n\n<figure class=\"wp-block-image\"><img decoding=\"async\" src=\"https:\/\/external-content.duckduckgo.com\/iu\/?u=https%3A%2F%2Ftse4.mm.bing.net%2Fth%2Fid%2FOIP.sLikvIccK7q2Q6oDGPHMAwHaFM%3Fr%3D0%26pid%3DApi&amp;f=1&amp;ipt=4a6e0658c8695395c5e3aa0fbfb1893d79f9b0ee26d5412b1a7e20d6d0b14d60\" alt=\"T\u00fcrkiye'ye K\u00fcbizmi Getiren Ressam: Nurullah Berk | Artful Living\"\/><\/figure>\n\n\n\n<p class=\"wp-block-paragraph\">Bir de tabi, halka inmek onlar\u0131n temel yakla\u015f\u0131mlar\u0131ndan biriydi.. izlenimci gelenek daha elit bir yakla\u015f\u0131m i\u00e7indeyken, k\u00fcbist gelenek halka inen bir tutum izledi.. ama onu da yeterince s\u00fcrd\u00fcremedi&#8230; <\/p>\n","protected":false},"excerpt":{"rendered":"<p>Prof. Dr. \u00dcmit Gezgin Sanat gruplar\u0131n\u0131n biraz zorunluluktan do\u011fdu\u011funu d\u00fc\u015f\u00fcn\u00fcyorum.. bir anlamda birlikten g\u00fc\u00e7 do\u011far felsefesi.. \u00f6zellikle sanat\u0131n pek geli\u015fmedi\u011fi d\u00f6nemlerde ortak hareket ederek sanat\u0131&#8230;<\/p>\n","protected":false},"author":183146481,"featured_media":107731,"comment_status":"open","ping_status":"open","sticky":false,"template":"","format":"standard","meta":{"_coblocks_attr":"","_coblocks_dimensions":"","_coblocks_responsive_height":"","_coblocks_accordion_ie_support":"","advanced_seo_description":"","jetpack_seo_html_title":"","jetpack_seo_noindex":false,"jetpack_seo_schema_type":"","_jetpack_newsletter_access":"","_jetpack_dont_email_post_to_subs":false,"_jetpack_newsletter_tier_id":0,"_jetpack_memberships_contains_paywalled_content":false,"iawp_total_views":1,"_wpcom_ai_launchpad_first_post":false,"_jetpack_feature_clip_id":0,"_jetpack_memberships_contains_paid_content":false,"footnotes":"","jetpack_publicize_message":"{title}\n\n{excerpt}\n\n{url}","jetpack_publicize_feature_enabled":true,"jetpack_social_post_already_shared":true,"jetpack_social_options":{"image_generator_settings":{"template":"highway","default_image_id":0,"font":"","enabled":false},"version":2},"_wpas_customize_per_network":false,"jetpack_post_was_ever_published":false},"categories":[1063],"tags":[],"class_list":["post-107718","post","type-post","status-publish","format-standard","has-post-thumbnail","hentry","category-genel","entry"],"jetpack_publicize_connections":[],"jetpack_likes_enabled":true,"jetpack_sharing_enabled":true,"jetpack_shortlink":"https:\/\/wp.me\/pbQYQO-s1o","jetpack_featured_media_url":"https:\/\/i0.wp.com\/sanattasarimgazetesi.com\/wp-content\/uploads\/2026\/09\/d-grubu-ressamlari-kimlerdir-1649517578-1052597363.jpg?fit=728%2C410&ssl=1","_links":{"self":[{"href":"https:\/\/sanattasarimgazetesi.com\/index.php?rest_route=\/wp\/v2\/posts\/107718","targetHints":{"allow":["GET"]}}],"collection":[{"href":"https:\/\/sanattasarimgazetesi.com\/index.php?rest_route=\/wp\/v2\/posts"}],"about":[{"href":"https:\/\/sanattasarimgazetesi.com\/index.php?rest_route=\/wp\/v2\/types\/post"}],"author":[{"embeddable":true,"href":"https:\/\/sanattasarimgazetesi.com\/index.php?rest_route=\/wp\/v2\/users\/183146481"}],"replies":[{"embeddable":true,"href":"https:\/\/sanattasarimgazetesi.com\/index.php?rest_route=%2Fwp%2Fv2%2Fcomments&post=107718"}],"version-history":[{"count":14,"href":"https:\/\/sanattasarimgazetesi.com\/index.php?rest_route=\/wp\/v2\/posts\/107718\/revisions"}],"predecessor-version":[{"id":107740,"href":"https:\/\/sanattasarimgazetesi.com\/index.php?rest_route=\/wp\/v2\/posts\/107718\/revisions\/107740"}],"wp:featuredmedia":[{"embeddable":true,"href":"https:\/\/sanattasarimgazetesi.com\/index.php?rest_route=\/wp\/v2\/media\/107731"}],"wp:attachment":[{"href":"https:\/\/sanattasarimgazetesi.com\/index.php?rest_route=%2Fwp%2Fv2%2Fmedia&parent=107718"}],"wp:term":[{"taxonomy":"category","embeddable":true,"href":"https:\/\/sanattasarimgazetesi.com\/index.php?rest_route=%2Fwp%2Fv2%2Fcategories&post=107718"},{"taxonomy":"post_tag","embeddable":true,"href":"https:\/\/sanattasarimgazetesi.com\/index.php?rest_route=%2Fwp%2Fv2%2Ftags&post=107718"}],"curies":[{"name":"wp","href":"https:\/\/api.w.org\/{rel}","templated":true}]}}