{"id":34993,"date":"2023-10-03T21:05:15","date_gmt":"2023-10-03T18:05:15","guid":{"rendered":"https:\/\/sanattasarimgazetesi.com\/?p=34993"},"modified":"2023-10-03T21:44:41","modified_gmt":"2023-10-03T18:44:41","slug":"cumhuriyetimizin-100-yili-uluslararasi-cevrimici-karma-sergi-29-ekim-30-kasim-2023","status":"publish","type":"post","link":"https:\/\/sanattasarimgazetesi.com\/?p=34993","title":{"rendered":"CUMHUR\u0130YET\u0130M\u0130Z\u0130N 100. YILI ULUSLARARASI \u00c7EVR\u0130M\u0130\u00c7\u0130\u00a0KARMA SERG\u0130\u00a029 EK\u0130M \u2013 30 KASIM 2023"},"content":{"rendered":"\n<p class=\"wp-block-paragraph\"><strong>CUMHUR<\/strong><strong>\u0130<\/strong><strong>YET<\/strong><strong>\u0130M\u0130Z\u0130<\/strong><strong>N 100. YILI ULUSLARARASI \u00c7EVR<\/strong><strong>\u0130M\u0130\u00c7\u0130&nbsp;<\/strong><strong>KARMA SERG<\/strong><strong>\u0130&nbsp;<\/strong><strong>29 EK<\/strong><strong>\u0130<\/strong><strong>M \u2013 30 KASIM 2023<\/strong><\/p>\n\n\n\n<p class=\"wp-block-paragraph\"><strong><em>Sergi; Marmara \u00dcniversitesi Geleneksel El Sanatlar\u0131&nbsp;ve Tasar\u0131m Uygulama ve Ara\u015ft\u0131rma Merkezi (GESTUAM), S\u00fcleyman Demirel \u00dcniversitesi Tekstil ve El Sanatlar\u0131&nbsp;Tasar\u0131m Uygulama ve Ara\u015ft\u0131rma Merkezi (TESAUM) ve Y\u0131ld\u0131z Teknik \u00dcniversitesi Sanat ve Tasar\u0131m Uygulama ve Ara\u015ft\u0131rma Merkezi (SATPARK) taraf\u0131ndan d\u00fczenlenmektedir.<\/em><\/strong><\/p>\n\n\n\n<p class=\"wp-block-paragraph\"><strong>SERG\u0130&nbsp;K\u00dcRAT\u00d6RLER\u0130<br>Do\u00e7. Dr. Hakan \u00c7\u0130LO\u011eLU&nbsp;<\/strong>(Marmara \u00dcniversitesi Geleneksel El Sanatlar\u0131&nbsp;ve Tasar\u0131m Uygulama ve Ara\u015ft\u0131rma Merkezi M\u00fcd\u00fcr\u00fc)<\/p>\n\n\n\n<p class=\"wp-block-paragraph\"><strong>Do\u00e7. Dr. Mustafa GEN\u00c7&nbsp;<\/strong>(S\u00fcleyman Demirel \u00dcniversitesi Tekstil ve El Sanatlar\u0131&nbsp;Tasar\u0131m Uygulama ve Ara\u015ft\u0131rma Merkezi M\u00fcd\u00fcr\u00fc)<\/p>\n\n\n\n<p class=\"wp-block-paragraph\"><strong>Do\u00e7. Dr. Mehmet Emin KAHRAMAN&nbsp;<\/strong>(Y\u0131ld\u0131z Teknik \u00dcniversitesi Sanat ve Tasar\u0131m Uygulama ve Ara\u015ft\u0131rma Merkezi M\u00fcd\u00fcr\u00fc)<\/p>\n\n\n\n<p class=\"wp-block-paragraph\"><strong>SERG<\/strong><strong>\u0130&nbsp;<\/strong><strong>D\u00dcZENLEME KURULU<br>Do\u00e7. Dr. Bahad<\/strong><strong>\u0131<\/strong><strong>r U\u00c7AN&nbsp;<\/strong>Y\u0131ld\u0131z Teknik \u00dcniversitesi \u2013 T\u00fcrkiye<br><strong>Do\u00e7. Dr. Cem KARA&nbsp;<\/strong>Marmara \u00dcniversitesi \u2013 T\u00fcrkiye<br><strong>Do\u00e7. Dr. Ertan TOY&nbsp;<\/strong>Y\u0131ld\u0131z Teknik \u00dcniversitesi \u2013 T\u00fcrkiye<br><strong>Do\u00e7. Dr. G\u00fclnihal K\u00dcPEL<\/strong><strong>\u0130&nbsp;<\/strong>Marmara \u00dcniversitesi \u2013 T\u00fcrkiye<br><strong>Do\u00e7. Dr. G\u00fclnur DURAN&nbsp;<\/strong>Marmara \u00dcniversitesi \u2013 T\u00fcrkiye<br><strong>Do\u00e7. Dr. Hakan \u00c7<\/strong><strong>\u0130<\/strong><strong>LO<\/strong><strong>\u011e<\/strong><strong>LU&nbsp;<\/strong>Marmara \u00dcniversitesi \u2013 T\u00fcrkiye<br><strong>Do\u00e7. Dr. Mehmet Emin KAHRAMAN&nbsp;<\/strong>Y\u0131ld\u0131z Teknik \u00dcniversitesi \u2013 T\u00fcrkiye&nbsp;<strong>Do\u00e7. Dr. Mustafa GEN\u00c7&nbsp;<\/strong>S\u00fcleyman Demirel \u00dcniversitesi \u2013 T\u00fcrkiye<br><strong>Dr. \u00d6<\/strong><strong>\u011f<\/strong><strong>r. \u00dcyesi Deniz \u00c7EL<\/strong><strong>\u0130<\/strong><strong>KER&nbsp;<\/strong>S\u00fcleyman Demirel \u00dcniversitesi \u2013 T\u00fcrkiye&nbsp;<strong>Dr. \u00d6<\/strong><strong>\u011f<\/strong><strong>r. \u00dcyesi G\u00fcl<\/strong><strong>\u015f<\/strong><strong>en \u00d6ZT\u00dcRK&nbsp;<\/strong>S\u00fcleyman Demirel \u00dcniversitesi \u2013 T\u00fcrkiye&nbsp;<strong>Dr. \u00d6<\/strong><strong>\u011f<\/strong><strong>r. \u00dcyesi&nbsp;<\/strong><strong>\u0130<\/strong><strong>smail Erim G\u00dcLA\u00c7TI&nbsp;<\/strong>Y\u0131ld\u0131z Teknik \u00dcniversitesi \u2013 T\u00fcrkiye&nbsp;<strong>Dr. \u00d6<\/strong><strong>\u011f<\/strong><strong>r. \u00dcyesi Mehmet NUHO<\/strong><strong>\u011e<\/strong><strong>LU&nbsp;<\/strong>Y\u0131ld\u0131z Teknik \u00dcniversitesi \u2013 T\u00fcrkiye<\/p>\n\n\n\n<p class=\"wp-block-paragraph\"><strong>SERG<\/strong><strong>\u0130&nbsp;<\/strong><strong>SEKRETERYASI<br>Ar<\/strong><strong>\u015f<\/strong><strong>. G\u00f6r. H\u00fcseyin DEN<\/strong><strong>\u0130<\/strong><strong>Z&nbsp;<\/strong>S\u00fcleyman Demirel \u00dcniversitesi \u2013 T\u00fcrkiye&nbsp;<strong>Beng\u00fc AYDIN&nbsp;<\/strong>S\u00fcleyman Demirel \u00dcniversitesi \u2013 T\u00fcrkiye<\/p>\n\n\n\n<p class=\"wp-block-paragraph\"><strong>\u0130<\/strong><strong>LET<\/strong><strong>\u0130\u015e\u0130<\/strong><strong>M:&nbsp;<\/strong>Do\u00e7. Dr. Hakan \u00c7\u0130LO\u011eLU (+90 553 452 67 35)<\/p>\n\n\n\n<p class=\"wp-block-paragraph\">\u00a0\u00a0<\/p>\n\n\n\n<p class=\"wp-block-paragraph\"><strong>SERG<\/strong><strong>\u0130&nbsp;<\/strong><strong>KATILIM KO<\/strong><strong>\u015e<\/strong><strong>ULLARI 1.&nbsp;<\/strong>Sergiye kat\u0131l\u0131m \u00fccretsizdir.<\/p>\n\n\n\n<p class=\"wp-block-paragraph\"><strong>2.&nbsp;<\/strong>Sergiye yurt i\u00e7i ve yurt d\u0131\u015f\u0131ndan lisans\u00fcst\u00fc \u00f6\u011frenciler, mezunlar\u0131&nbsp;ve akademisyenler kat\u0131labilir.<\/p>\n\n\n\n<p class=\"wp-block-paragraph\"><strong>3.&nbsp;<\/strong>Her kat\u0131l\u0131mc\u0131&nbsp;1 (Bir) eser ile kat\u0131labilir. Konu, teknik ve eser boyutu serbesttir. Kat\u0131l\u0131mc\u0131lar g\u00f6rsel sanatlar alan\u0131nda sergilenebilir (Grafik, Resim, Seramik, Heykel, Foto\u011fraf, Tekstil, Moda Tasar\u0131m\u0131, Geleneksel T\u00fcrk Sanatlar\u0131, vb.) eserlerle kat\u0131labilirler.<\/p>\n\n\n\n<p class=\"wp-block-paragraph\"><strong>4.\u00a0<\/strong>Sergi D\u00fczenleme Kurulu taraf\u0131ndan uygun g\u00f6r\u00fclen eserler sergilenecektir.<br><strong>5.\u00a0<\/strong>Sergi Son Ba\u015fvuru Tarihi:\u00a0<strong>10 Ekim 2023<\/strong>&#8216;d\u00fcr. Sergi ba\u015fvurular\u0131\u00a0<strong>gestuam@gmail.com\u00a0<\/strong>adresine e\u2013posta ile yap\u0131lacakt\u0131r.<\/p>\n\n\n\n<p class=\"wp-block-paragraph\"><strong>6.&nbsp;<\/strong>Ge\u00e7mi\u015f&nbsp;sergilerden deneyimle, ba\u015fvuru s\u0131ras\u0131nda g\u00f6nderilen mailler istenmeyen e-posta klas\u00f6r\u00fcne gidebilmektedir. Bu nedenle g\u00f6nderide sorun olmamas\u0131, kat\u0131l\u0131mc\u0131y\u0131&nbsp;bulabilme, kat\u0131l\u0131m belgelerinin&nbsp;h\u0131zl\u0131&nbsp;ve sorunsuz g\u00f6nderilebilmesi i\u00e7in, kat\u0131l\u0131mc\u0131lar\u0131n kendi isim ve soyad\u0131na ait \u00f6zel maillerinden ba\u015fvuru yapmalar\u0131&nbsp;\u00f6nem olu\u015fturmaktad\u0131r.<\/p>\n\n\n\n<p class=\"wp-block-paragraph\"><strong>7.&nbsp;<\/strong>Sergi Ba\u015fvuru Formu, eser g\u00f6rseli ve sanat\u00e7\u0131&nbsp;foto\u011fraf\u0131yla birlikte bir mailde g\u00f6nderilmelidir. Sergi Ba\u015fvuru Formu ve sanat\u00e7\u0131&nbsp;foto\u011fraf\u0131&nbsp;Ad, Soyad&nbsp;\u015feklinde kaydedilmelidir.<\/p>\n\n\n\n<p class=\"wp-block-paragraph\"><strong>8.&nbsp;<\/strong>Eser g\u00f6rseli JPEG format\u0131nda ve 300 dpi \u00e7\u00f6z\u00fcn\u00fcrl\u00fckte olmal\u0131d\u0131r. Eser g\u00f6rseli; Kat\u0131l\u0131mc\u0131&nbsp;ismi, Eser ismi, Tekni\u011fi, Boyutlar\u0131, Y\u0131l\u0131 \u015feklinde kaydedilmelidir.<\/p>\n\n\n\n<p class=\"wp-block-paragraph\"><strong>9.&nbsp;<\/strong>T\u00fcm kat\u0131l\u0131mc\u0131lara kat\u0131l\u0131m belgesi e\u2013posta ile g\u00f6nderilecektir.<\/p>\n\n\n\n<p class=\"wp-block-paragraph\"><strong>\u00d6NEML<\/strong><strong>\u0130&nbsp;<\/strong><strong>TAR<\/strong><strong>\u0130<\/strong><strong>HLER<br>Son Ba<\/strong><strong>\u015f<\/strong><strong>vuru Tarihi:&nbsp;<\/strong>10 Ekim 2023<br><strong>Sergi Takvimi:&nbsp;<\/strong>29 Ekim \u2013 30 Kas\u0131m 2023<\/p>\n\n\n\n<p class=\"wp-block-paragraph\"><strong>Sergi Duyuru Adresleri:<\/strong><\/p>\n\n\n\n<p class=\"wp-block-paragraph\"><a href=\"http:\/\/gestuam.marmara.edu.tr\/\" rel=\"nofollow\">http:\/\/gestuam.marmara.edu.tr\/<\/a> <a href=\"https:\/\/tesaum.sdu.edu.tr\/\" rel=\"nofollow\">https:\/\/tesaum.sdu.edu.tr\/<\/a> <a href=\"http:\/\/www.satpark.yildiz.edu.tr\/\" rel=\"nofollow\">http:\/\/www.satpark.yildiz.edu.tr\/<\/a><\/p>\n\n\n\n<p class=\"wp-block-paragraph\"><\/p>\n\n\n\n<p class=\"wp-block-paragraph\"><strong>10.&nbsp;<\/strong>Kat\u0131l\u0131mc\u0131lar; eserlerinin resmi web sitesi, sosyal medya, e\u2013katalog, afi\u015f&nbsp;vb. gibi ortamlarda yay\u0131nlanmas\u0131na izin vermi\u015f&nbsp;say\u0131l\u0131rlar.<\/p>\n","protected":false},"excerpt":{"rendered":"<p>CUMHUR\u0130YET\u0130M\u0130Z\u0130N 100. YILI ULUSLARARASI \u00c7EVR\u0130M\u0130\u00c7\u0130&nbsp;KARMA SERG\u0130&nbsp;29 EK\u0130M \u2013 30 KASIM 2023 Sergi; Marmara \u00dcniversitesi Geleneksel El Sanatlar\u0131&nbsp;ve Tasar\u0131m Uygulama ve Ara\u015ft\u0131rma Merkezi (GESTUAM), S\u00fcleyman Demirel&#8230;<\/p>\n","protected":false},"author":183146481,"featured_media":34995,"comment_status":"open","ping_status":"open","sticky":false,"template":"","format":"standard","meta":{"_coblocks_attr":"","_coblocks_dimensions":"","_coblocks_responsive_height":"","_coblocks_accordion_ie_support":"","advanced_seo_description":"","jetpack_seo_html_title":"","jetpack_seo_noindex":false,"jetpack_seo_schema_type":"","_jetpack_newsletter_access":"","_jetpack_dont_email_post_to_subs":false,"_jetpack_newsletter_tier_id":0,"_jetpack_memberships_contains_paywalled_content":false,"iawp_total_views":95,"_wpcom_ai_launchpad_first_post":false,"_jetpack_feature_clip_id":0,"_jetpack_memberships_contains_paid_content":false,"footnotes":"","jetpack_publicize_message":"{title}\n\n{excerpt}\n\n{url}","jetpack_publicize_feature_enabled":true,"jetpack_social_post_already_shared":true,"jetpack_social_options":{"image_generator_settings":{"template":"highway","default_image_id":0,"font":"","enabled":false},"version":2},"_wpas_customize_per_network":false,"jetpack_post_was_ever_published":false},"categories":[1063],"tags":[],"class_list":["post-34993","post","type-post","status-publish","format-standard","has-post-thumbnail","hentry","category-genel","entry"],"jetpack_publicize_connections":[],"jetpack_likes_enabled":true,"jetpack_sharing_enabled":true,"jetpack_shortlink":"https:\/\/wp.me\/pbQYQO-96p","jetpack_featured_media_url":"https:\/\/i0.wp.com\/sanattasarimgazetesi.com\/wp-content\/uploads\/2023\/10\/PHOTO-2023-10-03-13-58-50.jpg?fit=1131%2C1600&ssl=1","_links":{"self":[{"href":"https:\/\/sanattasarimgazetesi.com\/index.php?rest_route=\/wp\/v2\/posts\/34993","targetHints":{"allow":["GET"]}}],"collection":[{"href":"https:\/\/sanattasarimgazetesi.com\/index.php?rest_route=\/wp\/v2\/posts"}],"about":[{"href":"https:\/\/sanattasarimgazetesi.com\/index.php?rest_route=\/wp\/v2\/types\/post"}],"author":[{"embeddable":true,"href":"https:\/\/sanattasarimgazetesi.com\/index.php?rest_route=\/wp\/v2\/users\/183146481"}],"replies":[{"embeddable":true,"href":"https:\/\/sanattasarimgazetesi.com\/index.php?rest_route=%2Fwp%2Fv2%2Fcomments&post=34993"}],"version-history":[{"count":3,"href":"https:\/\/sanattasarimgazetesi.com\/index.php?rest_route=\/wp\/v2\/posts\/34993\/revisions"}],"predecessor-version":[{"id":35015,"href":"https:\/\/sanattasarimgazetesi.com\/index.php?rest_route=\/wp\/v2\/posts\/34993\/revisions\/35015"}],"wp:featuredmedia":[{"embeddable":true,"href":"https:\/\/sanattasarimgazetesi.com\/index.php?rest_route=\/wp\/v2\/media\/34995"}],"wp:attachment":[{"href":"https:\/\/sanattasarimgazetesi.com\/index.php?rest_route=%2Fwp%2Fv2%2Fmedia&parent=34993"}],"wp:term":[{"taxonomy":"category","embeddable":true,"href":"https:\/\/sanattasarimgazetesi.com\/index.php?rest_route=%2Fwp%2Fv2%2Fcategories&post=34993"},{"taxonomy":"post_tag","embeddable":true,"href":"https:\/\/sanattasarimgazetesi.com\/index.php?rest_route=%2Fwp%2Fv2%2Ftags&post=34993"}],"curies":[{"name":"wp","href":"https:\/\/api.w.org\/{rel}","templated":true}]}}